{"id":139,"date":"2014-02-16T14:06:38","date_gmt":"2014-02-16T12:06:38","guid":{"rendered":"http:\/\/neu.galerie-zettl.de\/wordpress\/?p=139"},"modified":"2014-11-04T15:36:09","modified_gmt":"2014-11-04T14:36:09","slug":"kuenstler-janosch-kommt-nach-oberlindhart","status":"publish","type":"post","link":"http:\/\/galerie-zettl.de\/?p=139","title":{"rendered":"K\u00fcnstler Janosch kommt nach Oberlindhart!"},"content":{"rendered":"<address>Liebe Kunstfreunde,<\/address>\n<address>der weltber\u00fchmte K\u00fcnstler Janosch kommt am<\/address>\n<address>Samstag, den 5. April ab 14 Uhr<\/address>\n<address>zur Vernissage nach Oberlindhart. Gerne k\u00f6nnen Sie die Ausstellung nach telefonischer Vereinbarung schon ab 17. M\u00e4rz besuchen. Die gekauften Bilder k\u00f6nnen am 5. April vom K\u00fcnstler gewidmet und signiert werden.<\/address>\n<address>Ich freue mich auf Ihren Besuch!<\/address>\n<address><b>Ihre Brigitte Zettl<\/b><\/address>\n","protected":false},"excerpt":{"rendered":"<p>Liebe Kunstfreunde, der weltber\u00fchmte K\u00fcnstler Janosch kommt am Samstag, den 5. April ab 14 Uhr zur Vernissage nach Oberlindhart. Gerne k\u00f6nnen Sie die Ausstellung nach telefonischer Vereinbarung schon ab 17. M\u00e4rz besuchen. Die gekauften Bilder k\u00f6nnen am 5. April vom K\u00fcnstler gewidmet und signiert werden. Ich freue mich auf Ihren\u2026<\/p>\n<p class=\"continue-reading-button\"> <a class=\"continue-reading-link\" href=\"http:\/\/galerie-zettl.de\/?p=139\">Continue reading<i class=\"crycon-right-dir\"><\/i><\/a><\/p>\n","protected":false},"author":1,"featured_media":344,"comment_status":"closed","ping_status":"open","sticky":false,"template":"","format":"standard","meta":{"ngg_post_thumbnail":0,"footnotes":""},"categories":[1],"tags":[5,4],"class_list":["post-139","post","type-post","status-publish","format-standard","has-post-thumbnail","hentry","category-allgemein","tag-janosch","tag-vernissage"],"_links":{"self":[{"href":"http:\/\/galerie-zettl.de\/index.php?rest_route=\/wp\/v2\/posts\/139","targetHints":{"allow":["GET"]}}],"collection":[{"href":"http:\/\/galerie-zettl.de\/index.php?rest_route=\/wp\/v2\/posts"}],"about":[{"href":"http:\/\/galerie-zettl.de\/index.php?rest_route=\/wp\/v2\/types\/post"}],"author":[{"embeddable":true,"href":"http:\/\/galerie-zettl.de\/index.php?rest_route=\/wp\/v2\/users\/1"}],"replies":[{"embeddable":true,"href":"http:\/\/galerie-zettl.de\/index.php?rest_route=%2Fwp%2Fv2%2Fcomments&post=139"}],"version-history":[{"count":3,"href":"http:\/\/galerie-zettl.de\/index.php?rest_route=\/wp\/v2\/posts\/139\/revisions"}],"predecessor-version":[{"id":323,"href":"http:\/\/galerie-zettl.de\/index.php?rest_route=\/wp\/v2\/posts\/139\/revisions\/323"}],"wp:featuredmedia":[{"embeddable":true,"href":"http:\/\/galerie-zettl.de\/index.php?rest_route=\/wp\/v2\/media\/344"}],"wp:attachment":[{"href":"http:\/\/galerie-zettl.de\/index.php?rest_route=%2Fwp%2Fv2%2Fmedia&parent=139"}],"wp:term":[{"taxonomy":"category","embeddable":true,"href":"http:\/\/galerie-zettl.de\/index.php?rest_route=%2Fwp%2Fv2%2Fcategories&post=139"},{"taxonomy":"post_tag","embeddable":true,"href":"http:\/\/galerie-zettl.de\/index.php?rest_route=%2Fwp%2Fv2%2Ftags&post=139"}],"curies":[{"name":"wp","href":"https:\/\/api.w.org\/{rel}","templated":true}]}}