{"id":560,"date":"2020-04-13T17:00:18","date_gmt":"2020-04-13T15:00:18","guid":{"rendered":"http:\/\/galerie-zettl.de\/?p=560"},"modified":"2020-04-13T17:00:18","modified_gmt":"2020-04-13T15:00:18","slug":"holen-sie-sich-meine-ausstellung-nach-hause","status":"publish","type":"post","link":"http:\/\/galerie-zettl.de\/?p=560","title":{"rendered":"Holen Sie sich meine Ausstellung nach Hause!"},"content":{"rendered":"\n<p>Liebe Kunstfreunde der Galerie Zettl,<br><br>leider ergeht es mir wie vielen von Ihnen &#8211; wir sind Teil einer<br>&#8222;Schicksalsgemeinschaft&#8220; &#8211; ich musste meine Galerier\u00e4ume zun\u00e4chst bis<br>zum 19. April 2020 schlie\u00dfen. Doch das Miteinander, die Kommunikation<br>und der Dialog mit Kunst und K\u00fcnstlern sind momentan wichtig, wenn auch<br>m\u00f6glichst wenig von Angesicht zu Angesicht. Deshalb bin ich auch<br>weiterhin f\u00fcr Sie da: Per Telefon, per Post oder e-mail.<br><br>Kunst ist Balsam f\u00fcr die Seele &#8211; gerade jetzt und f\u00fcr uns alle.<br><br>Mit Optimismus und Zuversicht tun wir alles, um diese Krise mit bester<br>Kraft zu meistern. Bilder sind nicht systemrelevant aber<br>&#8222;freuderelevant&#8220; und vermitteln Hoffnung auf bessere Zeiten. Angesichts<br>der weltweit um sich greifenden ergreifenden Ereignisse sollten wir<br>diese positiven Gedanken in uns aufnehmen.<br><br>Heute pr\u00e4sentiere ich Ihnen Bilder von Udo Lindenberg und Otto Waalkes,<br>die z.Zt. an den W\u00e4nden in meiner Galerie h\u00e4ngen. Vielleicht istIhr<br>Wunschbild dabei.<br><br>Sollten Sie sich f\u00fcr ein Bild entscheiden, kommt Ihr Bild kontaktfrei zu<br>Ihnen. Ich liefere bzw. verschicke Ihr Wunschbild per Rechnung.<br><br>Unter diesen Links k\u00f6nnen sie die neuesten Bilder auf meiner Homepage betrachten:<br><br>Udo Lindenberg: <a href=\"http:\/\/galerie-zettl.de\/?page_id=544\">http:\/\/galerie-zettl.de\/?page_id=544<\/a><br><br>Otto Waalkes: <a href=\"http:\/\/galerie-zettl.de\/?page_id=553\">http:\/\/galerie-zettl.de\/?page_id=553<\/a><br><br>&#8222;Art is essential&#8220;<br><br>Bleiben Sie gesund!<br><br>Dies w\u00fcnscht Ihnen von Herzen<br><br>Ihre Brigitte Zettl<br><\/p>\n","protected":false},"excerpt":{"rendered":"<p>Liebe Kunstfreunde der Galerie Zettl, leider ergeht es mir wie vielen von Ihnen &#8211; wir sind Teil einer&#8222;Schicksalsgemeinschaft&#8220; &#8211; ich musste meine Galerier\u00e4ume zun\u00e4chst biszum 19. April 2020 schlie\u00dfen. Doch das Miteinander, die Kommunikationund der Dialog mit Kunst und K\u00fcnstlern sind momentan wichtig, wenn auchm\u00f6glichst wenig von Angesicht zu Angesicht.\u2026<\/p>\n<p class=\"continue-reading-button\"> <a class=\"continue-reading-link\" href=\"http:\/\/galerie-zettl.de\/?p=560\">Continue reading<i class=\"crycon-right-dir\"><\/i><\/a><\/p>\n","protected":false},"author":1,"featured_media":0,"comment_status":"closed","ping_status":"open","sticky":false,"template":"","format":"standard","meta":{"ngg_post_thumbnail":0,"footnotes":""},"categories":[1],"tags":[],"class_list":["post-560","post","type-post","status-publish","format-standard","hentry","category-allgemein"],"_links":{"self":[{"href":"http:\/\/galerie-zettl.de\/index.php?rest_route=\/wp\/v2\/posts\/560","targetHints":{"allow":["GET"]}}],"collection":[{"href":"http:\/\/galerie-zettl.de\/index.php?rest_route=\/wp\/v2\/posts"}],"about":[{"href":"http:\/\/galerie-zettl.de\/index.php?rest_route=\/wp\/v2\/types\/post"}],"author":[{"embeddable":true,"href":"http:\/\/galerie-zettl.de\/index.php?rest_route=\/wp\/v2\/users\/1"}],"replies":[{"embeddable":true,"href":"http:\/\/galerie-zettl.de\/index.php?rest_route=%2Fwp%2Fv2%2Fcomments&post=560"}],"version-history":[{"count":1,"href":"http:\/\/galerie-zettl.de\/index.php?rest_route=\/wp\/v2\/posts\/560\/revisions"}],"predecessor-version":[{"id":561,"href":"http:\/\/galerie-zettl.de\/index.php?rest_route=\/wp\/v2\/posts\/560\/revisions\/561"}],"wp:attachment":[{"href":"http:\/\/galerie-zettl.de\/index.php?rest_route=%2Fwp%2Fv2%2Fmedia&parent=560"}],"wp:term":[{"taxonomy":"category","embeddable":true,"href":"http:\/\/galerie-zettl.de\/index.php?rest_route=%2Fwp%2Fv2%2Fcategories&post=560"},{"taxonomy":"post_tag","embeddable":true,"href":"http:\/\/galerie-zettl.de\/index.php?rest_route=%2Fwp%2Fv2%2Ftags&post=560"}],"curies":[{"name":"wp","href":"https:\/\/api.w.org\/{rel}","templated":true}]}}