{"id":603,"date":"2021-10-05T07:41:39","date_gmt":"2021-10-05T05:41:39","guid":{"rendered":"http:\/\/galerie-zettl.de\/?p=603"},"modified":"2021-10-05T07:43:23","modified_gmt":"2021-10-05T05:43:23","slug":"einladung-vernissage-james-francis-gill","status":"publish","type":"post","link":"http:\/\/galerie-zettl.de\/?p=603","title":{"rendered":"Einladung Vernissage &#8211; JAMES FRANCIS GILL"},"content":{"rendered":"\n<p>Liebe Kunstfreunde_innen,<\/p>\n\n\n\n<p>ich lade Sie herzlichst zur <strong>Vernissage am Sonntag, 17.10.21 von 13 bis 17 Uhr<\/strong> mit dem US-amerikanischen K\u00fcnstler <strong>JAMES FRANCIS GILL<\/strong> ein.<\/p>\n\n\n\n<p><br><em>Der 86-j\u00e4hrige texanische K\u00fcnstler wird die erworbenen Bilder und Kataloge f\u00fcr Sie signieren und widmen.<\/em><\/p>\n\n\n\n<p><em>Die Teilnehmerzahl ist begrenzt, ich bitte um Anmeldung per E-Mail oder Telefon.<\/em><\/p>\n\n\n\n<p><strong><em>Es gelten die 3-G-Regeln (bitte Nachweis und Maske mitbringen).<\/em><\/strong><\/p>\n\n\n\n<p><strong>Vorabinformation:<\/strong> <a href=\"https:\/\/youtu.be\/eP7XEVU9INE\">https:\/\/youtu.be\/eP7XEVU9INE<\/a><\/p>\n\n\n\n<p>Ich freue mich auf Sie.<\/p>\n\n\n\n<p>Herzlichst<\/p>\n\n\n\n<p>Ihre<\/p>\n\n\n\n<p>Brigitte Zettl<\/p>\n\n\n\n<p><strong>Phone&nbsp; <\/strong>08772 \/ 7 47<\/p>\n\n\n\n<p><strong>Mobil\u00a0\u00a0\u00a0 <\/strong>0171 \/ 955 86 13<\/p>\n\n\n\n<p><\/p>\n\n\n\n<figure class=\"wp-block-image size-full\"><a href=\"http:\/\/galerie-zettl.de\/?page_id=597\" rel=\"http:\/\/galerie-zettl.de\/?page_id=597\"><img loading=\"lazy\" decoding=\"async\" width=\"823\" height=\"1152\" src=\"http:\/\/galerie-zettl.de\/wp-content\/uploads\/2021\/10\/fuxnqq1r.bmp\" alt=\"\" class=\"wp-image-604\"\/><\/a><\/figure>\n\n\n\n<p><\/p>\n","protected":false},"excerpt":{"rendered":"<p>Liebe Kunstfreunde_innen, ich lade Sie herzlichst zur Vernissage am Sonntag, 17.10.21 von 13 bis 17 Uhr mit dem US-amerikanischen K\u00fcnstler JAMES FRANCIS GILL ein. Der 86-j\u00e4hrige texanische K\u00fcnstler wird die erworbenen Bilder und Kataloge f\u00fcr Sie signieren und widmen. Die Teilnehmerzahl ist begrenzt, ich bitte um Anmeldung per E-Mail oder\u2026<\/p>\n<p class=\"continue-reading-button\"> <a class=\"continue-reading-link\" href=\"http:\/\/galerie-zettl.de\/?p=603\">Continue reading<i class=\"crycon-right-dir\"><\/i><\/a><\/p>\n","protected":false},"author":1,"featured_media":0,"comment_status":"closed","ping_status":"open","sticky":false,"template":"","format":"standard","meta":{"ngg_post_thumbnail":0,"footnotes":""},"categories":[1],"tags":[],"class_list":["post-603","post","type-post","status-publish","format-standard","hentry","category-allgemein"],"_links":{"self":[{"href":"http:\/\/galerie-zettl.de\/index.php?rest_route=\/wp\/v2\/posts\/603","targetHints":{"allow":["GET"]}}],"collection":[{"href":"http:\/\/galerie-zettl.de\/index.php?rest_route=\/wp\/v2\/posts"}],"about":[{"href":"http:\/\/galerie-zettl.de\/index.php?rest_route=\/wp\/v2\/types\/post"}],"author":[{"embeddable":true,"href":"http:\/\/galerie-zettl.de\/index.php?rest_route=\/wp\/v2\/users\/1"}],"replies":[{"embeddable":true,"href":"http:\/\/galerie-zettl.de\/index.php?rest_route=%2Fwp%2Fv2%2Fcomments&post=603"}],"version-history":[{"count":3,"href":"http:\/\/galerie-zettl.de\/index.php?rest_route=\/wp\/v2\/posts\/603\/revisions"}],"predecessor-version":[{"id":608,"href":"http:\/\/galerie-zettl.de\/index.php?rest_route=\/wp\/v2\/posts\/603\/revisions\/608"}],"wp:attachment":[{"href":"http:\/\/galerie-zettl.de\/index.php?rest_route=%2Fwp%2Fv2%2Fmedia&parent=603"}],"wp:term":[{"taxonomy":"category","embeddable":true,"href":"http:\/\/galerie-zettl.de\/index.php?rest_route=%2Fwp%2Fv2%2Fcategories&post=603"},{"taxonomy":"post_tag","embeddable":true,"href":"http:\/\/galerie-zettl.de\/index.php?rest_route=%2Fwp%2Fv2%2Ftags&post=603"}],"curies":[{"name":"wp","href":"https:\/\/api.w.org\/{rel}","templated":true}]}}