{"id":648,"date":"2023-10-12T16:22:11","date_gmt":"2023-10-12T14:22:11","guid":{"rendered":"http:\/\/galerie-zettl.de\/?p=648"},"modified":"2023-10-12T16:23:21","modified_gmt":"2023-10-12T14:23:21","slug":"vernissage-mit-ed-heck-und-patrick-preller","status":"publish","type":"post","link":"http:\/\/galerie-zettl.de\/?p=648","title":{"rendered":"Vernissage mit Ed Heck und Patrick Preller"},"content":{"rendered":"<div class=\"wp-block-image\">\n<figure class=\"alignleft size-large is-resized\"><a href=\"http:\/\/galerie-zettl.de\/wp-content\/uploads\/2023\/10\/EHP10067-1.jpg\"><img loading=\"lazy\" decoding=\"async\" src=\"http:\/\/galerie-zettl.de\/wp-content\/uploads\/2023\/10\/EHP10067-1-1024x819.jpg\" alt=\"\" class=\"wp-image-651\" style=\"width:305px;height:244px\" width=\"305\" height=\"244\" srcset=\"http:\/\/galerie-zettl.de\/wp-content\/uploads\/2023\/10\/EHP10067-1-1024x819.jpg 1024w, http:\/\/galerie-zettl.de\/wp-content\/uploads\/2023\/10\/EHP10067-1-300x240.jpg 300w, http:\/\/galerie-zettl.de\/wp-content\/uploads\/2023\/10\/EHP10067-1-768x615.jpg 768w, http:\/\/galerie-zettl.de\/wp-content\/uploads\/2023\/10\/EHP10067-1-150x120.jpg 150w, http:\/\/galerie-zettl.de\/wp-content\/uploads\/2023\/10\/EHP10067-1.jpg 1476w\" sizes=\"auto, (max-width: 305px) 100vw, 305px\" \/><\/a><\/figure>\n<\/div>\n\n<div class=\"wp-block-image\">\n<figure class=\"alignright size-large is-resized\"><a href=\"http:\/\/galerie-zettl.de\/wp-content\/uploads\/2023\/10\/Monster-scaled.jpg\"><img loading=\"lazy\" decoding=\"async\" src=\"http:\/\/galerie-zettl.de\/wp-content\/uploads\/2023\/10\/Monster-768x1024.jpg\" alt=\"\" class=\"wp-image-650\" style=\"width:419px;height:559px\" width=\"419\" height=\"559\" srcset=\"http:\/\/galerie-zettl.de\/wp-content\/uploads\/2023\/10\/Monster-768x1024.jpg 768w, http:\/\/galerie-zettl.de\/wp-content\/uploads\/2023\/10\/Monster-225x300.jpg 225w, http:\/\/galerie-zettl.de\/wp-content\/uploads\/2023\/10\/Monster-1152x1536.jpg 1152w, http:\/\/galerie-zettl.de\/wp-content\/uploads\/2023\/10\/Monster-1536x2048.jpg 1536w, http:\/\/galerie-zettl.de\/wp-content\/uploads\/2023\/10\/Monster-113x150.jpg 113w, http:\/\/galerie-zettl.de\/wp-content\/uploads\/2023\/10\/Monster-scaled.jpg 1920w\" sizes=\"auto, (max-width: 419px) 100vw, 419px\" \/><\/a><\/figure>\n<\/div>\n\n\n<p><\/p>\n\n\n\n<p>Liebe Kunstfreunde_innen,<\/p>\n\n\n\n<p>ich lade Sie und Ihre Freunde herzlichst ein am<strong> Samstag, 21. Oktober ab 14 Uhr<\/strong> zur Vernissage mit Ed Heck und Patrick Preller, beide K\u00fcnstler sind anwesend und widmen Ihnen Ihre Werke!<\/p>\n\n\n\n<p>Hunde, Katzen und Monster treffen sich in der Galerie. Wir zeigen eine humorvolle Ausstellung des New Yorker Malers Ed Heck und des Metall-Bildhauers Patrick Preller aus F\u00fcrth.<\/p>\n\n\n\n<p>Die farbenfrohen Bilder von Ed Heck im Stil der Neo-Pop-Art \u00fcberzeugen mit viel Ironie und Alltagskomik. Sein Markenzeiche: der wei\u00dfe Hund mit gro\u00dfen schwarzen Flecken und langen schwarzen Ohren, dessen Hundeblick zuweilen etwas<\/p>\n\n\n\n<p>perplex und verwirrt erscheint- ein liebenswerter kleiner Kerl, der ein L\u00e4cheln ins Gesicht zaubert.<\/p>\n\n\n\n<p>Patrick Preller`s zentrales Thema ist seine selbst geschaffene &#8222;Monsterwelt&#8220;. Seine Monster folgen einer Formensprache: H\u00e4nde, stets wei\u00dfe runde Scheiben mit schwarzen Punkten als Augen und ausgesparte M\u00fcnder. Dabei haben sie rein gar nichts Furchteinfl\u00f6\u00dfendes an sich. Warmherzig und voller positiver Energie, alleine oder als Teil einer Familie begegnen die Preller-Monster dem Betrachter und ziehen diesen in ihren Bann.<br><\/p>\n\n\n\n<p>Ich freue mich auf Sie.<\/p>\n\n\n\n<p>Herzlichst<\/p>\n\n\n\n<p>Brigitte Zettl<\/p>\n\n\n\n<p><\/p>\n","protected":false},"excerpt":{"rendered":"<p>Liebe Kunstfreunde_innen, ich lade Sie und Ihre Freunde herzlichst ein am Samstag, 21. Oktober ab 14 Uhr zur Vernissage mit Ed Heck und Patrick Preller, beide K\u00fcnstler sind anwesend und widmen Ihnen Ihre Werke! Hunde, Katzen und Monster treffen sich in der Galerie. Wir zeigen eine humorvolle Ausstellung des New\u2026<\/p>\n<p class=\"continue-reading-button\"> <a class=\"continue-reading-link\" href=\"http:\/\/galerie-zettl.de\/?p=648\">Continue reading<i class=\"crycon-right-dir\"><\/i><\/a><\/p>\n","protected":false},"author":1,"featured_media":0,"comment_status":"closed","ping_status":"","sticky":false,"template":"","format":"standard","meta":{"ngg_post_thumbnail":0,"footnotes":""},"categories":[1],"tags":[27,41,4],"class_list":["post-648","post","type-post","status-publish","format-standard","hentry","category-allgemein","tag-ed-heck","tag-patrick-preller","tag-vernissage"],"_links":{"self":[{"href":"http:\/\/galerie-zettl.de\/index.php?rest_route=\/wp\/v2\/posts\/648","targetHints":{"allow":["GET"]}}],"collection":[{"href":"http:\/\/galerie-zettl.de\/index.php?rest_route=\/wp\/v2\/posts"}],"about":[{"href":"http:\/\/galerie-zettl.de\/index.php?rest_route=\/wp\/v2\/types\/post"}],"author":[{"embeddable":true,"href":"http:\/\/galerie-zettl.de\/index.php?rest_route=\/wp\/v2\/users\/1"}],"replies":[{"embeddable":true,"href":"http:\/\/galerie-zettl.de\/index.php?rest_route=%2Fwp%2Fv2%2Fcomments&post=648"}],"version-history":[{"count":1,"href":"http:\/\/galerie-zettl.de\/index.php?rest_route=\/wp\/v2\/posts\/648\/revisions"}],"predecessor-version":[{"id":652,"href":"http:\/\/galerie-zettl.de\/index.php?rest_route=\/wp\/v2\/posts\/648\/revisions\/652"}],"wp:attachment":[{"href":"http:\/\/galerie-zettl.de\/index.php?rest_route=%2Fwp%2Fv2%2Fmedia&parent=648"}],"wp:term":[{"taxonomy":"category","embeddable":true,"href":"http:\/\/galerie-zettl.de\/index.php?rest_route=%2Fwp%2Fv2%2Fcategories&post=648"},{"taxonomy":"post_tag","embeddable":true,"href":"http:\/\/galerie-zettl.de\/index.php?rest_route=%2Fwp%2Fv2%2Ftags&post=648"}],"curies":[{"name":"wp","href":"https:\/\/api.w.org\/{rel}","templated":true}]}}